{"id":9986,"date":"2017-05-05T06:47:32","date_gmt":"2017-05-05T06:47:32","guid":{"rendered":"http:\/\/willizblog.de\/?p=9986"},"modified":"2017-05-05T06:47:32","modified_gmt":"2017-05-05T06:47:32","slug":"worte-zum-wochenende-18-kw-2017-ein-filmnachmittag","status":"publish","type":"post","link":"https:\/\/willizblog.de\/?p=9986","title":{"rendered":"Worte zum Wochenende (18. KW 2017): ein Filmnachmittag"},"content":{"rendered":"<p>Was f\u00fcr ein scheu\u00dfliches Wetter sucht uns in diesen Tage heim. Aber ab morgen soll es wieder besser werden: w\u00e4rmer, sonniger und auch trocken. F\u00fcr morgen haben wir Bekannte eingeladen, die sich f\u00fcr unsere <a href=\"https:\/\/willizblog.de\/?p=9880\" target=\"_blank\">Fotos<\/a> und <a href=\"https:\/\/willizblog.de\/?p=9891\" target=\"_blank\">Videos<\/a> von unserem Urlaub auf der <a href=\"https:\/\/de.wikipedia.org\/wiki\/Hallig\" target=\"_blank\">Hallig<\/a> <a href=\"https:\/\/de.wikipedia.org\/wiki\/Langene%C3%9F\" target=\"_blank\">Langene\u00df<\/a> interessieren. So gibt es bei Kaffee und Kuchen einen Filmnachmittag, allerdings nicht mit <a href=\"https:\/\/willizblog.de\/?p=9886\" target=\"_blank\">\u201eLand unter\u201c<\/a>.<\/p>\n<p><iframe loading=\"lazy\" width=\"560\" height=\"315\" src=\"https:\/\/www.youtube.com\/embed\/C-MnFfFqrZk?rel=0\" frameborder=\"0\" allowfullscreen><\/iframe><br \/>\n&#8222;Land unter&#8220; auf der Hallig Langene\u00df (27.12.2016)<\/p>\n<p>\u00dcbrigens: In diesem Jahr Sommer werden wir nochmals die Halligen besuchen: Diesmal ist die <a href=\"https:\/\/de.wikipedia.org\/wiki\/Hooge\" target=\"_blank\">Hallig Hooge<\/a> dran. Meine Frau und ich freuen uns schon darauf.<\/p>\n<p><img src=\"https:\/\/www.willizblog.de\/images\/willizblog_worte_zum_wochenende.jpg\" alt=\"Worte zum Wochenende (18. KW 2017 \u2013 WilliZBlog)\" title=\"Worte zum Wochenende (18. KW 2017 \u2013 WilliZBlog)\" \/><\/p>\n<p><strong>25 Jahre Werders Europapokalsieg<\/strong><\/p>\n<p>Heute Abend spielt in der Fu\u00dfball-Bundesliga der SV Werder Bremen in K\u00f6ln und will nat\u00fcrlich die Serie von <a href=\"https:\/\/www.werder.de\/de\/aktuell\/news\/profis\/20162017\/junuzovic-der-weg-aus-dem-keller-04052017\/\" target=\"_blank\">elf Spielen ohne Niederlage<\/a> fortsetzen. Europa winkt. Ich habe auf <a href=\"https:\/\/willizblog.de\/?p=9978\" target=\"_blank\">ein Unentschieden getippt<\/a>, habe aber nichts dagegen, wenn Werder auch dieses Spiel gewinnt.<\/p>\n<p>Apropos Europa: Morgen ist es 25 Jahre her, dass der SV Werder seinen bisher gr\u00f6\u00dften fu\u00dfballerischen Erfolg feierte: Im Endspiel des <a href=\"https:\/\/de.wikipedia.org\/wiki\/Europapokal_der_Pokalsieger_1991\/92\" target=\"_blank\">Europapokals der Pokalsieger<\/a> gewannen <a href=\"https:\/\/www.werder.de\/de\/aktuell\/news\/profis\/20162017\/die-wochen-der-europapokalhelden-04052017\/\" target=\"_blank\">die Bremer<\/a> am 06.05.1992 im Est\u00e1dio da Luz von Lissabon gegen die favourisierte Mannschaft des <a href=\"https:\/\/de.wikipedia.org\/wiki\/AS_Monaco\" target=\"_blank\">AS Monaco<\/a> mit 2:0. Wenn ich auf die Mannschaftsaufstellung von damals schaue, so erkenne ich viele Namen, die mir auch heute noch viel sagen: die Torsch\u00fctzen <em>Klaus Allofs<\/em> (genau der, der viele Jahre sp\u00e4ter Manager in Bremen wurde) und <a href=\"https:\/\/www.werderstube.de\/news\/25-jahre-danach-finalheld-wynton-rufer-erinnert-sich-werders-europopokalsieg-8250335.html\" target=\"_blank\">Wynton \u201aKiwi\u2018 Rufer<\/a>, der heute noch als Scout in Asien und Ozeanien f\u00fcr Werder unterwegs ist. Dann als Einwechselspieler <em>Thomas Schaaf<\/em>, der lange erfolgreich der Trainer der Bremer war. <em>Dieter Eilts<\/em>, der Ostfriese, der vier Jahre sp\u00e4ter eine so grandiose Europameisterschaft spielte, <em>Rune Bratseth<\/em>, als Libero der norwegische Beckenbauer, <em>Mirko Votava<\/em>, der Mannschaftskapit\u00e4n, <em>Frank Neubarth, Ullrich Borowka<\/em> und nat\u00fcrlich <em>Marco Bode<\/em>, als Nachfolger von <em>Willi Lemke<\/em> seit dem 25. Oktober 2014 Vorsitzender des Aufsichtsrats beim SV Werder. Okay, auch die restlichen Namen sollen nicht vergessen sein: <em>J\u00fcrgen Rollmann<\/em> (im Tor), <em>Thomas Wolter, Manfred Bockenfeld<\/em> und <em>Stefan Kohn<\/em> (als Einwechselspieler). Trainer war damals kein Geringerer als <em>Otto Rehhagel<\/em>.<\/p>\n<p><img src=\"https:\/\/www.willizblog.de\/images\/werder1992_finale_europapokal_pokalsieger.jpg\" alt=\"Europapokal der Pokalsieger \u2013 Finale 1992 Startelf des SV Werder Bremen\" title=\"Europapokal der Pokalsieger \u2013 Finale 1992 Startelf des SV Werder Bremen\" \/><br \/>\nEuropapokal der Pokalsieger \u2013 Finale 1992 Startelf des SV Werder Bremen<\/p>\n<p>L\u00e4ngst gibt es <a href=\"https:\/\/de.wikipedia.org\/wiki\/Europapokal_der_Pokalsieger_(Fu%C3%9Fball)\" target=\"_blank\">diesen Pokal<\/a> nicht mehr (zuletzt 1999 ausgespielt), der dann durch den <em>UEFA-Pokal<\/em> abgel\u00f6st wurde und ab der Saison 2009\/2010 <a href=\"https:\/\/de.wikipedia.org\/wiki\/UEFA_Europa_League\" target=\"_blank\">Europa League<\/a> hei\u00dft.<\/p>\n<p><iframe loading=\"lazy\" width=\"560\" height=\"315\" src=\"https:\/\/www.youtube.com\/embed\/AumYyRB_1Ak\" frameborder=\"0\" allowfullscreen><\/iframe><br \/>\nEuropapokal der Pokalsieger \u2013 Finale 1992 AS Monaco \u2013 SV Werder Bremen 0:2<\/p>\n","protected":false},"excerpt":{"rendered":"<p>Was f\u00fcr ein scheu\u00dfliches Wetter sucht uns in diesen Tage heim. Aber ab morgen soll es wieder besser werden: w\u00e4rmer, sonniger und auch trocken. F\u00fcr morgen haben wir Bekannte eingeladen, die sich f\u00fcr unsere Fotos und Videos von unserem Urlaub auf der Hallig Langene\u00df interessieren. So gibt es bei Kaffee und Kuchen einen Filmnachmittag, allerdings &hellip; <a href=\"https:\/\/willizblog.de\/?p=9986\" class=\"more-link\"><span class=\"screen-reader-text\">Worte zum Wochenende (18. KW 2017): ein Filmnachmittag<\/span> weiterlesen <span class=\"meta-nav\">&rarr;<\/span><\/a><\/p>\n","protected":false},"author":1,"featured_media":0,"comment_status":"open","ping_status":"open","sticky":false,"template":"","format":"standard","meta":[],"categories":[16,10,27],"tags":[],"_links":{"self":[{"href":"https:\/\/willizblog.de\/index.php?rest_route=\/wp\/v2\/posts\/9986"}],"collection":[{"href":"https:\/\/willizblog.de\/index.php?rest_route=\/wp\/v2\/posts"}],"about":[{"href":"https:\/\/willizblog.de\/index.php?rest_route=\/wp\/v2\/types\/post"}],"author":[{"embeddable":true,"href":"https:\/\/willizblog.de\/index.php?rest_route=\/wp\/v2\/users\/1"}],"replies":[{"embeddable":true,"href":"https:\/\/willizblog.de\/index.php?rest_route=%2Fwp%2Fv2%2Fcomments&post=9986"}],"version-history":[{"count":0,"href":"https:\/\/willizblog.de\/index.php?rest_route=\/wp\/v2\/posts\/9986\/revisions"}],"wp:attachment":[{"href":"https:\/\/willizblog.de\/index.php?rest_route=%2Fwp%2Fv2%2Fmedia&parent=9986"}],"wp:term":[{"taxonomy":"category","embeddable":true,"href":"https:\/\/willizblog.de\/index.php?rest_route=%2Fwp%2Fv2%2Fcategories&post=9986"},{"taxonomy":"post_tag","embeddable":true,"href":"https:\/\/willizblog.de\/index.php?rest_route=%2Fwp%2Fv2%2Ftags&post=9986"}],"curies":[{"name":"wp","href":"https:\/\/api.w.org\/{rel}","templated":true}]}}