{"id":999,"date":"2007-11-04T14:26:44","date_gmt":"2007-11-04T12:26:44","guid":{"rendered":"http:\/\/www.albinz.de\/blog\/?p=999"},"modified":"2012-02-08T08:58:05","modified_gmt":"2012-02-08T07:58:05","slug":"der-gepixelte-jesus","status":"publish","type":"post","link":"https:\/\/willizblog.de\/?p=999","title":{"rendered":"Der gepixelte Jesus"},"content":{"rendered":"<p>Wer es nicht bis Mailand und dort in die Dominikanerkirche Santa Maria delle Grazie schafft, kann jetzt <a href=\"https:\/\/de.wikipedia.org\/wiki\/Das_Abendmahl\" target=\"_blank\">das Abendmahl<\/a> von <a href=\"https:\/\/de.wikipedia.org\/wiki\/Leonardo_Da_Vinci\" target=\"_blank\">Leonardo da Vinci<\/a> auch im <a href=\"http:\/\/www.haltadefinizione.com\/en\/cenacolo\/index.asp\" target=\"_blank\">Internet<\/a> bewundern. Das neben der <a href=\"https:\/\/de.wikipedia.org\/wiki\/Mona_Lisa\" target=\"_blank\">Mona Lisa<\/a> wohl bekannteste Gem\u00e4lde Leonardos misst stolze 8,8 m x 4,6 m und wurde bis 1999 aufw\u00e4ndig restauriert.<\/p>\n<p>Jetzt wurde das \u00fcber 500 Jahre alte Wandgem\u00e4lde hochaufl\u00f6send digitalisiert. Bei einer Farbtiefe von 16 Bit misst das Bild 172.181 Bildpunkte in der L\u00e4nge und 93.611 in der Breite, also rund 16 Milliarden <a href=\"https:\/\/de.wikipedia.org\/wiki\/Pixel\" target=\"_blank\">Pixel<\/a>. Nat\u00fcrlich l\u00e4sst sich das Gem\u00e4lde nur ausschnittweise, daf\u00fcr aber bis ins &#8218;letzte&#8216; Detail, betrachten: <a href=\"http:\/\/www.haltadefinizione.com\/en\/cenacolo\/look.asp\" target=\"_blank\"><strong>Leonardo da Vinci: Das Abendmahl<\/strong><\/a><\/p>\n<table border=\"0\" cellpadding=\"6\" cellspacing=\"0\" width=\"90%\">\n<tr>\n<td width=\"100%\"><img loading=\"lazy\" border=\"0\" src=\"https:\/\/www.willizblog.de\/albpics\/leonardo_jesus_abendmahl_01.jpg\" alt=\"Ausschnitt: Jesus\" width=\"400\" height=\"300\"><\/td>\n<\/tr>\n<tr>\n<td width=\"100%\">\n<p align=\"center\"><font face=\"Lucida Grande, Lucida Sans Unicode, Verdana, sans-serif\" size=\"2\">Ausschnitt aus Leonardo da Vincis &#8222;Das Abendmahl&#8220; &#8211; Jesus<\/font><\/td>\n<\/tr>\n<tr>\n<td width=\"100%\">\n<p align=\"center\"><img loading=\"lazy\" border=\"0\" src=\"https:\/\/www.willizblog.de\/albpics\/leonardo_jesus_abendmahl_02.jpg\" alt=\"Ausschnitt: Nase Jesus\" width=\"400\" height=\"300\"><\/td>\n<\/tr>\n<tr>\n<td width=\"100%\"><img loading=\"lazy\" border=\"0\" src=\"https:\/\/www.willizblog.de\/albpics\/leonardo_jesus_abendmahl_03.jpg\" alt=\"Ausschnitt: Detail Nase Jesus\" align=\"right\" width=\"400\" height=\"300\"><\/td>\n<\/tr>\n<\/table>\n","protected":false},"excerpt":{"rendered":"<p>Wer es nicht bis Mailand und dort in die Dominikanerkirche Santa Maria delle Grazie schafft, kann jetzt das Abendmahl von Leonardo da Vinci auch im Internet bewundern. Das neben der Mona Lisa wohl bekannteste Gem\u00e4lde Leonardos misst stolze 8,8 m x 4,6 m und wurde bis 1999 aufw\u00e4ndig restauriert. Jetzt wurde das \u00fcber 500 Jahre &hellip; <a href=\"https:\/\/willizblog.de\/?p=999\" class=\"more-link\"><span class=\"screen-reader-text\">Der gepixelte Jesus<\/span> weiterlesen <span class=\"meta-nav\">&rarr;<\/span><\/a><\/p>\n","protected":false},"author":1,"featured_media":0,"comment_status":"open","ping_status":"closed","sticky":false,"template":"","format":"standard","meta":[],"categories":[15,8],"tags":[],"_links":{"self":[{"href":"https:\/\/willizblog.de\/index.php?rest_route=\/wp\/v2\/posts\/999"}],"collection":[{"href":"https:\/\/willizblog.de\/index.php?rest_route=\/wp\/v2\/posts"}],"about":[{"href":"https:\/\/willizblog.de\/index.php?rest_route=\/wp\/v2\/types\/post"}],"author":[{"embeddable":true,"href":"https:\/\/willizblog.de\/index.php?rest_route=\/wp\/v2\/users\/1"}],"replies":[{"embeddable":true,"href":"https:\/\/willizblog.de\/index.php?rest_route=%2Fwp%2Fv2%2Fcomments&post=999"}],"version-history":[{"count":0,"href":"https:\/\/willizblog.de\/index.php?rest_route=\/wp\/v2\/posts\/999\/revisions"}],"wp:attachment":[{"href":"https:\/\/willizblog.de\/index.php?rest_route=%2Fwp%2Fv2%2Fmedia&parent=999"}],"wp:term":[{"taxonomy":"category","embeddable":true,"href":"https:\/\/willizblog.de\/index.php?rest_route=%2Fwp%2Fv2%2Fcategories&post=999"},{"taxonomy":"post_tag","embeddable":true,"href":"https:\/\/willizblog.de\/index.php?rest_route=%2Fwp%2Fv2%2Ftags&post=999"}],"curies":[{"name":"wp","href":"https:\/\/api.w.org\/{rel}","templated":true}]}}