{"id":9990,"date":"2017-05-17T11:26:33","date_gmt":"2017-05-17T11:26:33","guid":{"rendered":"http:\/\/willizblog.de\/?p=9990"},"modified":"2017-05-17T11:26:33","modified_gmt":"2017-05-17T11:26:33","slug":"wilhelm-busch-rechthaber","status":"publish","type":"post","link":"https:\/\/willizblog.de\/?p=9990","title":{"rendered":"Wilhelm Busch: Rechthaber"},"content":{"rendered":"<p><em>Seine Meinung ist die rechte,<br \/>\nWenn er spricht, m\u00fc\u00dft ihr verstummen,<br \/>\nSonst erkl\u00e4rt er euch f\u00fcr Schlechte<br \/>\nOder nennt euch gar die Dummen.<\/em><\/p>\n<p><em>Leider sind dergleichen Strolche<br \/>\nKeine seltene Erscheinung.<br \/>\nWer nicht taub, der meidet solche<br \/>\nRitter von der eignen Meinung.<\/em><\/p>\n<ul><img src=\"https:\/\/www.willizblog.de\/albpics\/wilhelm_busch.png\" alt=\"Wilhelm Busch\" title=\"Wilhelm Busch\" \/><\/ul>\n<p>Wohl schon zu <a href=\"https:\/\/willizblog.de\/?p=1064\" target=\"_blank\">Wilhelm Buschs<\/a> Zeiten gab es solche \u201aStrolche\u2018 wie Trump und Co.<\/p>\n<p><a target=\"_blank\" href=\"https:\/\/www.amazon.de\/gp\/product\/3809436313\/ref=as_li_tl?ie=UTF8&#038;camp=1638&#038;creative=6742&#038;creativeASIN=3809436313&#038;linkCode=as2&#038;tag=familiealbin-21&#038;linkId=809b59b3afed12076c02ba1598b2ba4f\" target=\"_blank\">Das gro\u00dfe farbige Wilhelm Busch Album<\/a><img loading=\"lazy\" src=\"\/\/ir-de.amazon-adsystem.com\/e\/ir?t=familiealbin-21&#038;l=am2&#038;o=3&#038;a=3809436313\" width=\"1\" height=\"1\" border=\"0\" alt=\"\" style=\"border:none !important; margin:0px !important;\" \/><\/p>\n","protected":false},"excerpt":{"rendered":"<p>Seine Meinung ist die rechte, Wenn er spricht, m\u00fc\u00dft ihr verstummen, Sonst erkl\u00e4rt er euch f\u00fcr Schlechte Oder nennt euch gar die Dummen. Leider sind dergleichen Strolche Keine seltene Erscheinung. Wer nicht taub, der meidet solche Ritter von der eignen Meinung. Wohl schon zu Wilhelm Buschs Zeiten gab es solche \u201aStrolche\u2018 wie Trump und Co. &hellip; <a href=\"https:\/\/willizblog.de\/?p=9990\" class=\"more-link\"><span class=\"screen-reader-text\">Wilhelm Busch: Rechthaber<\/span> weiterlesen <span class=\"meta-nav\">&rarr;<\/span><\/a><\/p>\n","protected":false},"author":1,"featured_media":0,"comment_status":"open","ping_status":"open","sticky":false,"template":"","format":"standard","meta":[],"categories":[14],"tags":[],"_links":{"self":[{"href":"https:\/\/willizblog.de\/index.php?rest_route=\/wp\/v2\/posts\/9990"}],"collection":[{"href":"https:\/\/willizblog.de\/index.php?rest_route=\/wp\/v2\/posts"}],"about":[{"href":"https:\/\/willizblog.de\/index.php?rest_route=\/wp\/v2\/types\/post"}],"author":[{"embeddable":true,"href":"https:\/\/willizblog.de\/index.php?rest_route=\/wp\/v2\/users\/1"}],"replies":[{"embeddable":true,"href":"https:\/\/willizblog.de\/index.php?rest_route=%2Fwp%2Fv2%2Fcomments&post=9990"}],"version-history":[{"count":0,"href":"https:\/\/willizblog.de\/index.php?rest_route=\/wp\/v2\/posts\/9990\/revisions"}],"wp:attachment":[{"href":"https:\/\/willizblog.de\/index.php?rest_route=%2Fwp%2Fv2%2Fmedia&parent=9990"}],"wp:term":[{"taxonomy":"category","embeddable":true,"href":"https:\/\/willizblog.de\/index.php?rest_route=%2Fwp%2Fv2%2Fcategories&post=9990"},{"taxonomy":"post_tag","embeddable":true,"href":"https:\/\/willizblog.de\/index.php?rest_route=%2Fwp%2Fv2%2Ftags&post=9990"}],"curies":[{"name":"wp","href":"https:\/\/api.w.org\/{rel}","templated":true}]}}