{"id":9992,"date":"2017-05-19T08:36:41","date_gmt":"2017-05-19T08:36:41","guid":{"rendered":"http:\/\/willizblog.de\/?p=9992"},"modified":"2017-05-19T08:49:46","modified_gmt":"2017-05-19T08:49:46","slug":"worte-zum-wochenende-20-kw-2017-donnerwetter-mit-arno","status":"publish","type":"post","link":"https:\/\/willizblog.de\/?p=9992","title":{"rendered":"Worte zum Wochenende (20. KW 2017): Donnerwetter mit Arno"},"content":{"rendered":"<p><strong>Donnerwetter!<\/strong><\/p>\n<p>Soll so der ganze kommende Sommer werden? Hei\u00dfe Luft aus Afrika, die auf kalte Str\u00f6mungen aus dem Norden trifft. So wird es pl\u00f6tzlich richtig hei\u00df, saugt sich voll mit Feuchtigkeit, um dann krachend die \u201aatmosph\u00e4rischen Spannungen\u2018 zu entladen? Bitte nicht \u2026<\/p>\n<p><strong>Letzter Spieltag<\/strong><\/p>\n<p>Also ich glaube nicht, dass der SV Werder Bremen morgen am letzten Spieltag der Fu\u00dfball-Bundesliga doch noch das schier Unm\u00f6gliche schafft und sich einen Platz in den Gefilden Europas ergattert. Okay, Platz sieben oder gar sechs ist noch m\u00f6glich. Aber dann muss es schon ein kleines Fu\u00dfballwunder geben und Werder in Dortmund gewinnen. Und selbst dann \u2026<\/p>\n<p>Schauen wir auf das letzte Drittel der Tabelle, dann sehen wir dort, dass dem HSV ein Sieg gegen Wolfsburg gelingen muss, um nicht zum dritten Mal in vier Jahren in die Relegation gegen den Dritten der 2. Liga gehen zu m\u00fcssen. Dort wartet voraussichtlich die Braunschweiger Eintracht. Dreimal ist Bremer recht, aber auch Hamburger? Sollte der HSV also am Ende tats\u00e4chlich absteigen?<\/p>\n<p><img src=\"https:\/\/www.willizblog.de\/images\/willizblog_worte_zum_wochenende.jpg\" alt=\"Worte zum Wochenende (20. KW 2017 \u2013 WilliZBlog)\" title=\"Worte zum Wochenende (20. KW 2017 \u2013 WilliZBlog)\" \/><\/p>\n<p><strong>Arno Schmidt<\/strong><\/p>\n<p>Ich wei\u00df gar nicht mehr, wieso ich dieser Tage auf <a href=\"https:\/\/de.wikipedia.org\/wiki\/Arno_Schmidt\" target=\"_blank\">Arno Schmidt<\/a> gekommen bin. Ach, doch \u2013 da gab es diese Dokumentation \u00fcber ihn unter dem Titel <a href=\"http:\/\/www.arte.tv\/de\/videos\/047347-000-A\/arno-schmidt-mein-herz-gehoert-dem-kopf\" target=\"_blank\">Mein Herz geh\u00f6rt dem Kopf<\/a> auf <em>arte.tv<\/em> (leider nicht mehr verf\u00fcgbar), die ich mir angeschaut habe. Ein Sonderling und Einzelg\u00e4nger, der als Heimatvertriebene eine neue Bleibe suchte und diese schlie\u00dflich im kleinen Heidedorf Bargfeld fand. In &#8222;Die Umsiedler&#8220; besch\u00e4ftigte er sich mit dem damaligen Tabuthema von Flucht und Vertreibung und schildert, wie wenig willkommen er, der mit seiner Frau aus Schlesien fliehen musste, sich in der Bundesrepublik f\u00fchlte. Kommt uns das Thema nicht bekannt vor?<\/p>\n<p>Arno Schmidt wurde besonders durch sein 1970 erschienenes Monumentalwerk <a href=\"https:\/\/de.wikipedia.org\/wiki\/Zettel%E2%80%99s_Traum\" target=\"_blank\">Zettel\u2019s Traum<\/a> (okay mit Deppelapostrophe \u2013 leitet sich allerdings aus dem Englischen ab) bekannt, ein Monster von \u00fcber 1300 Seiten und dreispaltig in DIN A 3, das damals als Faksimile (des mit Schreibmaschine, die Randglossen und Streichungen von Hand verfassten Werkes) erschien, weil man es f\u00fcr nicht zu setzen erachtete. Erst im Oktober 2010 erschien im Suhrkamp Verlag die \u201eBargfelder Ausgabe. Werkgruppe IV\/1. Standardausgabe. Zettel\u2019s Traum\u201c als gesetztes Buch. Friedrich Forssman arbeitete hieran zuvor etliche Jahre.<\/p>\n<p><a href=\"https:\/\/de.wikipedia.org\/wiki\/Marcel_Proust\" target=\"_blank\">Marcel Prousts<\/a> <a href=\"https:\/\/de.wikipedia.org\/wiki\/Auf_der_Suche_nach_der_verlorenen_Zeit\" target=\"_blank\">Auf der Suche nach der verlorenen Zeit<\/a>, der <a href=\"https:\/\/de.wikipedia.org\/wiki\/Ulysses\" target=\"_blank\">Ulysses<\/a> und <a href=\"https:\/\/de.wikipedia.org\/wiki\/Finnegans_Wake\" target=\"_blank\">Finnegans Wake<\/a> von <a href=\"https:\/\/de.wikipedia.org\/wiki\/James_Joyce\" target=\"_blank\">James Joyce<\/a>, <a href=\"https:\/\/de.wikipedia.org\/wiki\/Alfred_D%C3%B6blin\" target=\"_blank\">Alfred D\u00f6blins<\/a> <a href=\"https:\/\/de.wikipedia.org\/wiki\/Berlin_Alexanderplatz_(Roman)\" target=\"_blank\">Berlin Alexanderplatz<\/a>, <a href=\"https:\/\/de.wikipedia.org\/wiki\/Der_Mann_ohne_Eigenschaften\" target=\"_blank\">Der Mann ohne Eigenschaften<\/a> von <a href=\"https:\/\/de.wikipedia.org\/wiki\/Robert_Musil\" target=\"_blank\">Robert Musil<\/a> (um nur einige dieser kiloschweren literarischen Werke zu nennen), wer hat sie nicht gelesen. Genau: NICHT gelesen!<\/p>\n<p>An Joyce <em>Ulysses<\/em> (in der \u00dcbersetzung von Hans Wollschl\u00e4ger) habe ich mich vor vielen Jahren einmal herangewagt, bin dann aber auf halber Strecke kl\u00e4glich gescheitert. Sein <em>Finnegans Wake<\/em> habe ich mir als <em>Finnegans Wehg. Kainn\u00e4h \u00dcbelS\u00e4tzZung des Wehrkess fun Sch\u00e4mes Scheuss<\/em> von <em>Dieter H. St\u00fcndel<\/em> zugelegt (enth\u00e4lt neben einer \u201aAnn\u00e4herung\u2018 auf Deutsch auch das Joyce\u2019sche Original). D\u00f6blins <em>Berlin Alexanderplatz<\/em> kenne ich nur <a href=\"https:\/\/de.wikipedia.org\/wiki\/Berlin_Alexanderplatz_(Fernsehverfilmung)\" target=\"_blank\">als Fernsehserie<\/a> in 13 Episoden und einem Epilog (ca. 930 Min lang) von <em>Rainer Werner Fassbinder<\/em> mit <em>G\u00fcnter Lamprecht<\/em> als Franz Biberkopf. Prousts <em>Recherche<\/em> habe ich als verfilmten Zweiteiler bisher noch ungesehen auf meinem Rechner. Musils <em>Mann ohne Eigenschaften<\/em> ist als E-Book vorhanden. Und nun auch noch Arno Schmidt?<\/p>\n<p>Es gibt so Sachen, die man auf sp\u00e4tere Zeiten verlegt, wenn man nicht mehr durch Pflichten und sonstige Notwendigkeiten behindert ist, wenn man also ZEIT hat. Da kommt eigentlich nur das Rentenalter in Frage. Da dieses mir aus nicht mehr allzu gro\u00dfer Ferne entgegenwinkt, so werde ich dann <a href=\"https:\/\/willizblog.de\/?p=8318\" target=\"_blank\">meine Yamaha<\/a> endlich auspacken \u2013 und mich mit Inbrunst auf all das Literarische st\u00fcrzen, was bisher liegengeblieben ist.<\/p>\n<p>Aber jetzt winkt erst einmal das Wochenende. Ich winke zur\u00fcck \u2026<\/p>\n","protected":false},"excerpt":{"rendered":"<p>Donnerwetter! Soll so der ganze kommende Sommer werden? Hei\u00dfe Luft aus Afrika, die auf kalte Str\u00f6mungen aus dem Norden trifft. So wird es pl\u00f6tzlich richtig hei\u00df, saugt sich voll mit Feuchtigkeit, um dann krachend die \u201aatmosph\u00e4rischen Spannungen\u2018 zu entladen? Bitte nicht \u2026 Letzter Spieltag Also ich glaube nicht, dass der SV Werder Bremen morgen am &hellip; <a href=\"https:\/\/willizblog.de\/?p=9992\" class=\"more-link\"><span class=\"screen-reader-text\">Worte zum Wochenende (20. KW 2017): Donnerwetter mit Arno<\/span> weiterlesen <span class=\"meta-nav\">&rarr;<\/span><\/a><\/p>\n","protected":false},"author":1,"featured_media":0,"comment_status":"open","ping_status":"open","sticky":false,"template":"","format":"standard","meta":[],"categories":[16,13,3,27],"tags":[],"_links":{"self":[{"href":"https:\/\/willizblog.de\/index.php?rest_route=\/wp\/v2\/posts\/9992"}],"collection":[{"href":"https:\/\/willizblog.de\/index.php?rest_route=\/wp\/v2\/posts"}],"about":[{"href":"https:\/\/willizblog.de\/index.php?rest_route=\/wp\/v2\/types\/post"}],"author":[{"embeddable":true,"href":"https:\/\/willizblog.de\/index.php?rest_route=\/wp\/v2\/users\/1"}],"replies":[{"embeddable":true,"href":"https:\/\/willizblog.de\/index.php?rest_route=%2Fwp%2Fv2%2Fcomments&post=9992"}],"version-history":[{"count":0,"href":"https:\/\/willizblog.de\/index.php?rest_route=\/wp\/v2\/posts\/9992\/revisions"}],"wp:attachment":[{"href":"https:\/\/willizblog.de\/index.php?rest_route=%2Fwp%2Fv2%2Fmedia&parent=9992"}],"wp:term":[{"taxonomy":"category","embeddable":true,"href":"https:\/\/willizblog.de\/index.php?rest_route=%2Fwp%2Fv2%2Fcategories&post=9992"},{"taxonomy":"post_tag","embeddable":true,"href":"https:\/\/willizblog.de\/index.php?rest_route=%2Fwp%2Fv2%2Ftags&post=9992"}],"curies":[{"name":"wp","href":"https:\/\/api.w.org\/{rel}","templated":true}]}}