{"id":9997,"date":"2017-05-22T09:00:33","date_gmt":"2017-05-22T09:00:33","guid":{"rendered":"http:\/\/willizblog.de\/?p=9997"},"modified":"2017-05-22T09:00:33","modified_gmt":"2017-05-22T09:00:33","slug":"ende-gut-fast-alles-gut","status":"publish","type":"post","link":"https:\/\/willizblog.de\/?p=9997","title":{"rendered":"Ende gut, (fast) alles gut?!"},"content":{"rendered":"<p>Auch wenn der Abschluss nicht so ganz war, wie man ihn sich w\u00fcnschte: Die drei letzten Spiele des SV Werder Bremen in der Fu\u00dfball-Bundesliga in dieser Saison boten zwar einigen Spektakel mit vielen Toren, gingen allerdings alle drei verloren (3:4 in K\u00f6ln, 3:5 gegen Hoffenheim und zuletzt 3:4 in Dortmund). Die Bremer belegen in der Abschlusstabelle den achten Platz. Wer h\u00e4tte das vor Wochen noch geglaubt.<\/p>\n<p>Und es gibt noch zwei Erfolgsmeldungen: Die <a href=\"https:\/\/www.kreiszeitung.de\/werder-bremen\/auftrag-trainer-florian-kohfeldt-werder-bremens-u23-lasst-krachen-8336126.html\" target=\"_blank\">U21 (bzw. Werder II)<\/a> hat den Klassenerhalt in der 3. Liga geschafft. Und die <a href=\"https:\/\/www.kreiszeitung.de\/werder-bremen\/fussball-frauen-werder-bremen-jubeln-meisterschale-fotos-8335060.html\" target=\"_blank\">Fu\u00dfball-Frauen des SV Werder<\/a> steigen als Meister der Zweiten Bundesliga Nord direkt wieder in die Bundesliga auf.<\/p>\n<p><strong>Gratulation allen Mannschaften!<\/strong><\/p>\n<p><img src=\"https:\/\/www.willizblog.de\/images\/werder1516_st34_frankfurt_1_0_werderfans.jpg\" alt=\"Fans des SV Werder Bremen\" title=\"Fans des SV Werder Bremen\" \/><\/p>\n<p>Nun, die Teilnahme an einem europ\u00e4ischen Wettbewerb in der n\u00e4chsten Saison hat Werder leider verpasst. Ich hoffe nur, dass das keine Auswirkungen auf das Mannschaftsgebilde haben wird. Denn Spieler wie <em>Gnabry<\/em> und auch <em>Kruse<\/em> w\u00fcrden gern international auftreten. Auf Sportchef <em>Frank Baumann<\/em> wartet viel \u00dcberzeugungsarbeit, um diese Spieler mindestens eine weitere Saison an der Weser zu halten.<\/p>\n<p>Offen ist auch die weitere Zukunft von <em>Claudio Pizarro<\/em>. Ohne Zweifel ist er jetzt schon eine Werder-Legende. Aber mit seinen 38 Jahren und seiner Verletzungsanf\u00e4lligkeit kann und darf man nicht mehr allzu viel von ihm erwarten. Sollte Werder ihn tats\u00e4chlich nicht mehr weiter verpflichten, dann hoffe ich aber doch auf ein angemessenes Abschiedsspiel f\u00fcr ihn &#8211; und auch f\u00fcr <em>Clemens Fritz<\/em>.<\/p>\n<p><a href=\"http:\/\/www.transfermarkt.de\/sv-werder-bremen\/transfers\/verein\/86\/saison_id\/2017\" target=\"_blank\">Auf dem Transfermarkt<\/a> tut sich inzwischen ja auch schon so einiges. Mit <em>Ludwig Augustinsson<\/em> (linker Verteidiger) und <em>J\u00e9r\u00f4me Gondorf<\/em> (zentrales Mittelfeld), der wohl <em>Florian Grillitsch<\/em> beerben soll, ist sich Werder einig geworden. Au\u00dferdem kommen Spieler zur\u00fcck, die bis zum 30.6. ausgeliehen waren.<\/p>\n<p>Ich bin gespannt, wie Werder zum Saisonauftakt 2017\/2018 aufgestellt sein wird. Und ich hoffe, dass die Mannschaft erst einmal nichts mit dem Abstiegskampf zu tun haben wird.<\/p>\n","protected":false},"excerpt":{"rendered":"<p>Auch wenn der Abschluss nicht so ganz war, wie man ihn sich w\u00fcnschte: Die drei letzten Spiele des SV Werder Bremen in der Fu\u00dfball-Bundesliga in dieser Saison boten zwar einigen Spektakel mit vielen Toren, gingen allerdings alle drei verloren (3:4 in K\u00f6ln, 3:5 gegen Hoffenheim und zuletzt 3:4 in Dortmund). Die Bremer belegen in der &hellip; <a href=\"https:\/\/willizblog.de\/?p=9997\" class=\"more-link\"><span class=\"screen-reader-text\">Ende gut, (fast) alles gut?!<\/span> weiterlesen <span class=\"meta-nav\">&rarr;<\/span><\/a><\/p>\n","protected":false},"author":1,"featured_media":0,"comment_status":"open","ping_status":"open","sticky":false,"template":"","format":"standard","meta":[],"categories":[27],"tags":[],"_links":{"self":[{"href":"https:\/\/willizblog.de\/index.php?rest_route=\/wp\/v2\/posts\/9997"}],"collection":[{"href":"https:\/\/willizblog.de\/index.php?rest_route=\/wp\/v2\/posts"}],"about":[{"href":"https:\/\/willizblog.de\/index.php?rest_route=\/wp\/v2\/types\/post"}],"author":[{"embeddable":true,"href":"https:\/\/willizblog.de\/index.php?rest_route=\/wp\/v2\/users\/1"}],"replies":[{"embeddable":true,"href":"https:\/\/willizblog.de\/index.php?rest_route=%2Fwp%2Fv2%2Fcomments&post=9997"}],"version-history":[{"count":0,"href":"https:\/\/willizblog.de\/index.php?rest_route=\/wp\/v2\/posts\/9997\/revisions"}],"wp:attachment":[{"href":"https:\/\/willizblog.de\/index.php?rest_route=%2Fwp%2Fv2%2Fmedia&parent=9997"}],"wp:term":[{"taxonomy":"category","embeddable":true,"href":"https:\/\/willizblog.de\/index.php?rest_route=%2Fwp%2Fv2%2Fcategories&post=9997"},{"taxonomy":"post_tag","embeddable":true,"href":"https:\/\/willizblog.de\/index.php?rest_route=%2Fwp%2Fv2%2Ftags&post=9997"}],"curies":[{"name":"wp","href":"https:\/\/api.w.org\/{rel}","templated":true}]}}